{"id":1852,"date":"2026-04-27T13:46:39","date_gmt":"2026-04-27T13:46:39","guid":{"rendered":"https:\/\/ieditorial.net\/blog-elearning\/?p=1852"},"modified":"2026-04-27T13:54:20","modified_gmt":"2026-04-27T13:54:20","slug":"convocatoria-subvenciones-formacion-personas-desempleadas-murcia","status":"publish","type":"post","link":"https:\/\/ieditorial.net\/blog-elearning\/convocatoria-subvenciones-formacion-personas-desempleadas-murcia\/","title":{"rendered":"Convocatoria SEF 2026: Subvenciones para proyectos de formaci\u00f3n dirigidos a personas desempleadas en la Regi\u00f3n de Murcia"},"content":{"rendered":"\r\n<p>El Servicio Regional de Empleo y Formaci\u00f3n (SEF), dependiente de la Consejer\u00eda de Empresa, Empleo y Econom\u00eda Social de la Regi\u00f3n de Murcia, ha publicado la <strong>Resoluci\u00f3n de 24 de abril de 2026<\/strong> por la que se aprueba la <strong>convocatoria de subvenciones destinadas a la realizaci\u00f3n de proyectos de formaci\u00f3n de oferta dirigidos a personas trabajadoras desempleadas<\/strong>, correspondientes al ejercicio 2026.<\/p>\r\n\r\n\r\n<p>Esta convocatoria se enmarca dentro del Sistema de Formaci\u00f3n Profesional para el Empleo y tiene como finalidad <strong>mejorar la empleabilidad, la recualificaci\u00f3n profesional y la inserci\u00f3n laboral<\/strong> de personas desempleadas, especialmente pertenecientes a colectivos con mayores dificultades de acceso al mercado de trabajo.<\/p>\r\n\r\n\r\n<h2 class=\"wp-block-heading\">Objeto de la convocatoria<\/h2>\r\n\r\n\r\n<p>El objeto de esta convocatoria es la concesi\u00f3n de <strong>subvenciones, en r\u00e9gimen de concurrencia competitiva<\/strong>, para el desarrollo de <strong>proyectos de formaci\u00f3n<\/strong> dirigidos prioritariamente a personas desempleadas, que se ejecuten en el \u00e1mbito territorial de la <strong>Comunidad Aut\u00f3noma de la Regi\u00f3n de Murcia durante 2026<\/strong>.<\/p>\r\n\r\n\r\n<p>Los proyectos deber\u00e1n estar dise\u00f1ados con una metodolog\u00eda flexible e innovadora, orientada a responder a las necesidades actuales del mercado laboral y a los retos de transformaci\u00f3n digital, transici\u00f3n ecol\u00f3gica y cohesi\u00f3n social.<\/p>\r\n<h2 class=\"wp-block-heading\">Programas de formaci\u00f3n subvencionables<\/h2>\r\n\r\n\r\n<p>Los proyectos de formaci\u00f3n deber\u00e1n encuadrarse en alguno de los siguientes programas:<\/p>\r\n\r\n\r\n<h3 class=\"wp-block-heading\">Programa Recualifica\u2011T<\/h3>\r\n\r\n\r\n<p>Dirigido a la recualificaci\u00f3n profesional de personas desempleadas, especialmente en el \u00e1mbito del sector servicios, la silver economy, el empleo sostenible y la digitalizaci\u00f3n.<\/p>\r\n\r\n\r\n<h3 class=\"wp-block-heading\">Programa Emprendiendo<\/h3>\r\n\r\n\r\n<p>Proyectos orientados al fomento del esp\u00edritu emprendedor, la iniciativa empresarial y el autoempleo, facilitando la creaci\u00f3n y consolidaci\u00f3n de nuevos proyectos.<\/p>\r\n\r\n\r\n<h3 class=\"wp-block-heading\">Programa Sectores Emergentes<\/h3>\r\n\r\n\r\n<p>Formaci\u00f3n vinculada a sectores con alta prospectiva de empleo y nuevas oportunidades profesionales alineadas con la innovaci\u00f3n y el desarrollo territorial.<\/p>\r\n\r\n\r\n<h3 class=\"wp-block-heading\">Programa Industria 4.0 y Nuevas Tecnolog\u00edas<\/h3>\r\n\r\n\r\n<p>Acciones formativas centradas en el uso pr\u00e1ctico de la Inteligencia Artificial, la automatizaci\u00f3n, la digitalizaci\u00f3n de procesos y las nuevas tecnolog\u00edas aplicadas a empresas y entidades.<\/p>\r\n\r\n\r\n<h2 class=\"wp-block-heading\">Caracter\u00edsticas de los proyectos formativos<\/h2>\r\n\r\n\r\n<ul class=\"wp-block-list\">\r\n\t<li>Proyectos formados por <strong>acciones formativas principales y complementarias<\/strong><\/li>\r\n\r\n\r\n\t<li>Modalidad <strong>presencial, teleformaci\u00f3n o mixta<\/strong><\/li>\r\n\r\n\r\n\t<li>Posibilidad de incluir <strong>actuaciones de acompa\u00f1amiento personalizado<\/strong><\/li>\r\n\r\n\r\n\t<li>Grupos de entre <strong>10 y 15 participantes<\/strong> en formaci\u00f3n presencial<\/li>\r\n\r\n\r\n\t<li>Los participantes de las acciones complementarias deber\u00e1n ser los mismos que los de la acci\u00f3n principal<\/li>\r\n<\/ul>\r\n\r\n\r\n<h2 class=\"wp-block-heading\">Presupuesto y financiaci\u00f3n<\/h2>\r\n\r\n\r\n<p>La convocatoria cuenta con una <strong>dotaci\u00f3n econ\u00f3mica inicial de 2.151.736,00 euros<\/strong>, financiados con fondos del Servicio P\u00fablico de Empleo Estatal (SEPE).<\/p>\r\n\r\n\r\n<p>Asimismo, se prev\u00e9 una <strong>cuant\u00eda adicional estimada de hasta 4.000.000,00 euros<\/strong>, condicionada a la disponibilidad de cr\u00e9dito presupuestario, lo que permitir\u00eda ampliar el alcance de los proyectos subvencionados.<\/p>\r\n\r\n\r\n<h2 class=\"wp-block-heading\">Procedimiento de concesi\u00f3n<\/h2>\r\n\r\n\r\n<p>Las subvenciones se otorgar\u00e1n mediante <strong>procedimiento de concurrencia competitiva<\/strong>, valor\u00e1ndose tanto la capacidad acreditada de las entidades solicitantes como la calidad t\u00e9cnica, coherencia y adecuaci\u00f3n de los proyectos presentados.<\/p>\r\n\r\n\r\n<p>La tramitaci\u00f3n de las solicitudes se realizar\u00e1 <strong>exclusivamente por v\u00eda electr\u00f3nica<\/strong>, a trav\u00e9s de la aplicaci\u00f3n inform\u00e1tica de gesti\u00f3n del SEF.<\/p>\r\n\r\n\r\n<h2 class=\"wp-block-heading\">Entidades beneficiarias<\/h2>\r\n\r\n\r\n<p>Podr\u00e1n solicitar estas subvenciones:<\/p>\r\n\r\n\r\n<ul class=\"wp-block-list\">\r\n\t<li>Entidades de formaci\u00f3n p\u00fablicas o privadas<\/li>\r\n\r\n\r\n\t<li>Debidamente inscritas y\/o acreditadas en el Registro Estatal y auton\u00f3mico correspondiente<\/li>\r\n\r\n\r\n\t<li>Con presencia en la Regi\u00f3n de Murcia<\/li>\r\n\r\n\r\n\t<li>Para impartir formaci\u00f3n en las modalidades previstas en la convocatoria<\/li>\r\n<\/ul>\r\n\r\n\r\n<p>Tambi\u00e9n se admiten <strong>agrupaciones de entidades de formaci\u00f3n<\/strong>, siempre que cumplan los requisitos establecidos.<\/p>\r\n\r\n\r\n<h2 class=\"wp-block-heading\">Personas destinatarias<\/h2>\r\n\r\n\r\n<p>Las acciones formativas se dirigen prioritariamente a <strong>personas trabajadoras desempleadas inscritas como demandantes de empleo<\/strong>. Tendr\u00e1n prioridad en el acceso a la formaci\u00f3n, entre otros, los siguientes colectivos:<\/p>\r\n\r\n\r\n<ul class=\"wp-block-list\">\r\n\t<li>Personas desempleadas de larga duraci\u00f3n<\/li>\r\n\r\n\r\n\t<li>Personas mayores de 45 a\u00f1os<\/li>\r\n\r\n\r\n\t<li>Mujeres<\/li>\r\n\r\n\r\n\t<li>Personas con discapacidad<\/li>\r\n\r\n\r\n\t<li>Personas en riesgo o situaci\u00f3n de exclusi\u00f3n social<\/li>\r\n\r\n\r\n\t<li>V\u00edctimas de violencia de g\u00e9nero<\/li>\r\n<\/ul>\r\n\r\n\r\n<h2 class=\"wp-block-heading\">Plazo de presentaci\u00f3n de solicitudes<\/h2>\r\n\r\n\r\n<p>El plazo de presentaci\u00f3n de solicitudes ser\u00e1 de <strong>15 d\u00edas h\u00e1biles<\/strong>, contados desde el d\u00eda siguiente al de la publicaci\u00f3n del extracto de la resoluci\u00f3n en el Bolet\u00edn Oficial de la Regi\u00f3n de Murcia (BORM).<\/p>\r\n\r\n\r\n<p>Los proyectos deber\u00e1n ejecutarse en el plazo m\u00e1ximo de <strong>un a\u00f1o<\/strong> desde la resoluci\u00f3n de concesi\u00f3n de la subvenci\u00f3n.<\/p>\r\n\r\n\r\n<h2 class=\"wp-block-heading\">Cat\u00e1logo formativo<\/h2>\r\n\r\n\r\n<p>Si quieres recibir un presupuesto para adquirir nuestros contenidos, puedes descargar el\u00a0<a href=\"https:\/\/ieditorial.net\/1-catalogo\">cat\u00e1logo formativo<\/a>\u00a0y contactar con nuestro departamento de Atenci\u00f3n al Cliente.<\/p>\r\n\r\n\r\n<p>Puedes contactar por tel\u00e9fono al 958 991 954, por chat a trav\u00e9s de la web o escribirnos al email de\u00a0<a href=\"mailto:atencionalcliente@ieditorial.net\">atencionalcliente@ieditorial.net<\/a>.\u00a0Y estaremos encantados de brindarte el mejor cat\u00e1logo de cursos del mercado.<\/p>\r\n\r\n\r\n<p>Para m\u00e1s informaci\u00f3n:<\/p>\r\n<p><a class=\"wp-block-button__link has-vivid-cyan-blue-background-color has-background wp-element-button\" href=\"https:\/\/www.carm.es\/web\/pagina?IDCONTENIDO=123366&amp;IDTIPO=10&amp;RASTRO=c$m122,70\" target=\"_blank\" rel=\"noreferrer noopener\">Ver convocatoria<\/a><\/p>\r\n","protected":false},"excerpt":{"rendered":"<p> [&hellip;]<\/p>\n","protected":false},"author":5,"featured_media":1854,"comment_status":"open","ping_status":"open","sticky":false,"template":"","format":"standard","meta":{"_editorskit_title_hidden":false,"_editorskit_reading_time":2,"_editorskit_typography_data":[],"_editorskit_blocks_typography":"","_editorskit_is_block_options_detached":false,"_editorskit_block_options_position":"{}","footnotes":""},"categories":[14,3,5],"tags":[18,9,123,125,30],"class_list":["post-1852","post","type-post","status-publish","format-standard","has-post-thumbnail","hentry","category-actualidad","category-convocatorias","category-formacion","tag-convocatoria","tag-formacion","tag-murcia","tag-sef","tag-subvenciones"],"acf":[],"yoast_head":"<!-- This site is optimized with the Yoast SEO plugin v19.0 - https:\/\/yoast.com\/wordpress\/plugins\/seo\/ -->\n<title>Convocatoria LABORA 2026: Subvenciones formaci\u00f3n conducente a certificados profesionales para personas desempleadas<\/title>\n<meta name=\"description\" content=\"LABORA convoca subvenciones para formaci\u00f3n conducente a certificados profesionales dirigida a personas desempleadas en la Comunitat Valenciana.\" \/>\n<meta name=\"robots\" content=\"index, follow, max-snippet:-1, max-image-preview:large, max-video-preview:-1\" \/>\n<link rel=\"canonical\" href=\"https:\/\/ieditorial.net\/blog-elearning\/convocatoria-subvenciones-formacion-personas-desempleadas-murcia\/\" \/>\n<meta property=\"og:locale\" content=\"es_ES\" \/>\n<meta property=\"og:type\" content=\"article\" \/>\n<meta property=\"og:title\" content=\"Convocatoria LABORA 2026: Subvenciones formaci\u00f3n conducente a certificados profesionales para personas desempleadas\" \/>\n<meta property=\"og:description\" content=\"LABORA convoca subvenciones para formaci\u00f3n conducente a certificados profesionales dirigida a personas desempleadas en la Comunitat Valenciana.\" \/>\n<meta property=\"og:url\" content=\"https:\/\/ieditorial.net\/blog-elearning\/convocatoria-subvenciones-formacion-personas-desempleadas-murcia\/\" \/>\n<meta property=\"og:site_name\" content=\"Blog Ieditorial\" \/>\n<meta property=\"article:published_time\" content=\"2026-04-27T13:46:39+00:00\" \/>\n<meta property=\"article:modified_time\" content=\"2026-04-27T13:54:20+00:00\" \/>\n<meta property=\"og:image\" content=\"https:\/\/ieditorial.net\/blog-elearning\/wp-content\/uploads\/2026\/04\/Subvenciones-Murcia-2026-ieditorial.jpg\" \/>\n\t<meta property=\"og:image:width\" content=\"1000\" \/>\n\t<meta property=\"og:image:height\" content=\"667\" \/>\n\t<meta property=\"og:image:type\" content=\"image\/jpeg\" \/>\n<meta name=\"twitter:card\" content=\"summary_large_image\" \/>\n<meta name=\"twitter:label1\" content=\"Written by\" \/>\n\t<meta name=\"twitter:data1\" content=\"Marketing\" \/>\n\t<meta name=\"twitter:label2\" content=\"Est. reading time\" \/>\n\t<meta name=\"twitter:data2\" content=\"3 minutos\" \/>\n<script type=\"application\/ld+json\" class=\"yoast-schema-graph\">{\"@context\":\"https:\/\/schema.org\",\"@graph\":[{\"@type\":\"Organization\",\"@id\":\"https:\/\/ieditorial.net\/blog-elearning\/#organization\",\"name\":\"iEditorial\",\"url\":\"https:\/\/ieditorial.net\/blog-elearning\/\",\"sameAs\":[],\"logo\":{\"@type\":\"ImageObject\",\"inLanguage\":\"es\",\"@id\":\"https:\/\/ieditorial.net\/blog-elearning\/#\/schema\/logo\/image\/\",\"url\":\"https:\/\/ieditorial.net\/blog-elearning\/wp-content\/uploads\/2020\/05\/logo_ieditorial.png\",\"contentUrl\":\"https:\/\/ieditorial.net\/blog-elearning\/wp-content\/uploads\/2020\/05\/logo_ieditorial.png\",\"width\":133,\"height\":60,\"caption\":\"iEditorial\"},\"image\":{\"@id\":\"https:\/\/ieditorial.net\/blog-elearning\/#\/schema\/logo\/image\/\"}},{\"@type\":\"WebSite\",\"@id\":\"https:\/\/ieditorial.net\/blog-elearning\/#website\",\"url\":\"https:\/\/ieditorial.net\/blog-elearning\/\",\"name\":\"Blog Ieditorial\",\"description\":\"Blog de iEditorial\",\"publisher\":{\"@id\":\"https:\/\/ieditorial.net\/blog-elearning\/#organization\"},\"potentialAction\":[{\"@type\":\"SearchAction\",\"target\":{\"@type\":\"EntryPoint\",\"urlTemplate\":\"https:\/\/ieditorial.net\/blog-elearning\/?s={search_term_string}\"},\"query-input\":\"required name=search_term_string\"}],\"inLanguage\":\"es\"},{\"@type\":\"ImageObject\",\"inLanguage\":\"es\",\"@id\":\"https:\/\/ieditorial.net\/blog-elearning\/convocatoria-subvenciones-formacion-personas-desempleadas-murcia\/#primaryimage\",\"url\":\"https:\/\/ieditorial.net\/blog-elearning\/wp-content\/uploads\/2026\/04\/Subvenciones-Murcia-2026-ieditorial.jpg\",\"contentUrl\":\"https:\/\/ieditorial.net\/blog-elearning\/wp-content\/uploads\/2026\/04\/Subvenciones-Murcia-2026-ieditorial.jpg\",\"width\":1000,\"height\":667},{\"@type\":\"WebPage\",\"@id\":\"https:\/\/ieditorial.net\/blog-elearning\/convocatoria-subvenciones-formacion-personas-desempleadas-murcia\/#webpage\",\"url\":\"https:\/\/ieditorial.net\/blog-elearning\/convocatoria-subvenciones-formacion-personas-desempleadas-murcia\/\",\"name\":\"Convocatoria LABORA 2026: Subvenciones formaci\u00f3n conducente a certificados profesionales para personas desempleadas\",\"isPartOf\":{\"@id\":\"https:\/\/ieditorial.net\/blog-elearning\/#website\"},\"primaryImageOfPage\":{\"@id\":\"https:\/\/ieditorial.net\/blog-elearning\/convocatoria-subvenciones-formacion-personas-desempleadas-murcia\/#primaryimage\"},\"datePublished\":\"2026-04-27T13:46:39+00:00\",\"dateModified\":\"2026-04-27T13:54:20+00:00\",\"description\":\"LABORA convoca subvenciones para formaci\u00f3n conducente a certificados profesionales dirigida a personas desempleadas en la Comunitat Valenciana.\",\"breadcrumb\":{\"@id\":\"https:\/\/ieditorial.net\/blog-elearning\/convocatoria-subvenciones-formacion-personas-desempleadas-murcia\/#breadcrumb\"},\"inLanguage\":\"es\",\"potentialAction\":[{\"@type\":\"ReadAction\",\"target\":[\"https:\/\/ieditorial.net\/blog-elearning\/convocatoria-subvenciones-formacion-personas-desempleadas-murcia\/\"]}]},{\"@type\":\"BreadcrumbList\",\"@id\":\"https:\/\/ieditorial.net\/blog-elearning\/convocatoria-subvenciones-formacion-personas-desempleadas-murcia\/#breadcrumb\",\"itemListElement\":[{\"@type\":\"ListItem\",\"position\":1,\"name\":\"Blog\",\"item\":\"https:\/\/ieditorial.net\/blog-elearning\/\"},{\"@type\":\"ListItem\",\"position\":2,\"name\":\"Convocatorias\",\"item\":\"https:\/\/ieditorial.net\/blog-elearning\/convocatorias\/\"},{\"@type\":\"ListItem\",\"position\":3,\"name\":\"Convocatoria SEF 2026: Subvenciones para proyectos de formaci\u00f3n dirigidos a personas desempleadas en la Regi\u00f3n de Murcia\"}]},{\"@type\":\"Article\",\"@id\":\"https:\/\/ieditorial.net\/blog-elearning\/convocatoria-subvenciones-formacion-personas-desempleadas-murcia\/#article\",\"isPartOf\":{\"@id\":\"https:\/\/ieditorial.net\/blog-elearning\/convocatoria-subvenciones-formacion-personas-desempleadas-murcia\/#webpage\"},\"author\":{\"@id\":\"https:\/\/ieditorial.net\/blog-elearning\/#\/schema\/person\/df3e88792531e3b0405272c5880bdb3e\"},\"headline\":\"Convocatoria SEF 2026: Subvenciones para proyectos de formaci\u00f3n dirigidos a personas desempleadas en la Regi\u00f3n de Murcia\",\"datePublished\":\"2026-04-27T13:46:39+00:00\",\"dateModified\":\"2026-04-27T13:54:20+00:00\",\"mainEntityOfPage\":{\"@id\":\"https:\/\/ieditorial.net\/blog-elearning\/convocatoria-subvenciones-formacion-personas-desempleadas-murcia\/#webpage\"},\"wordCount\":805,\"commentCount\":0,\"publisher\":{\"@id\":\"https:\/\/ieditorial.net\/blog-elearning\/#organization\"},\"image\":{\"@id\":\"https:\/\/ieditorial.net\/blog-elearning\/convocatoria-subvenciones-formacion-personas-desempleadas-murcia\/#primaryimage\"},\"thumbnailUrl\":\"https:\/\/ieditorial.net\/blog-elearning\/wp-content\/uploads\/2026\/04\/Subvenciones-Murcia-2026-ieditorial.jpg\",\"keywords\":[\"convocatoria\",\"formaci\u00f3n\",\"Murcia\",\"SEF\",\"subvenciones\"],\"articleSection\":[\"Actualidad\",\"Convocatorias\",\"Formaci\u00f3n\"],\"inLanguage\":\"es\",\"potentialAction\":[{\"@type\":\"CommentAction\",\"name\":\"Comment\",\"target\":[\"https:\/\/ieditorial.net\/blog-elearning\/convocatoria-subvenciones-formacion-personas-desempleadas-murcia\/#respond\"]}]},{\"@type\":\"Person\",\"@id\":\"https:\/\/ieditorial.net\/blog-elearning\/#\/schema\/person\/df3e88792531e3b0405272c5880bdb3e\",\"name\":\"Marketing\",\"image\":{\"@type\":\"ImageObject\",\"inLanguage\":\"es\",\"@id\":\"https:\/\/ieditorial.net\/blog-elearning\/#\/schema\/person\/image\/\",\"url\":\"https:\/\/secure.gravatar.com\/avatar\/9ec7a623cd5d87bded1cb81e43a55c2a91837c2a590708867645cbde85148019?s=96&d=mm&r=g\",\"contentUrl\":\"https:\/\/secure.gravatar.com\/avatar\/9ec7a623cd5d87bded1cb81e43a55c2a91837c2a590708867645cbde85148019?s=96&d=mm&r=g\",\"caption\":\"Marketing\"},\"url\":\"https:\/\/ieditorial.net\/blog-elearning\/author\/marketing\/\"}]}<\/script>\n<!-- \/ Yoast SEO plugin. -->","yoast_head_json":{"title":"Convocatoria LABORA 2026: Subvenciones formaci\u00f3n conducente a certificados profesionales para personas desempleadas","description":"LABORA convoca subvenciones para formaci\u00f3n conducente a certificados profesionales dirigida a personas desempleadas en la Comunitat Valenciana.","robots":{"index":"index","follow":"follow","max-snippet":"max-snippet:-1","max-image-preview":"max-image-preview:large","max-video-preview":"max-video-preview:-1"},"canonical":"https:\/\/ieditorial.net\/blog-elearning\/convocatoria-subvenciones-formacion-personas-desempleadas-murcia\/","og_locale":"es_ES","og_type":"article","og_title":"Convocatoria LABORA 2026: Subvenciones formaci\u00f3n conducente a certificados profesionales para personas desempleadas","og_description":"LABORA convoca subvenciones para formaci\u00f3n conducente a certificados profesionales dirigida a personas desempleadas en la Comunitat Valenciana.","og_url":"https:\/\/ieditorial.net\/blog-elearning\/convocatoria-subvenciones-formacion-personas-desempleadas-murcia\/","og_site_name":"Blog Ieditorial","article_published_time":"2026-04-27T13:46:39+00:00","article_modified_time":"2026-04-27T13:54:20+00:00","og_image":[{"width":1000,"height":667,"url":"https:\/\/ieditorial.net\/blog-elearning\/wp-content\/uploads\/2026\/04\/Subvenciones-Murcia-2026-ieditorial.jpg","type":"image\/jpeg"}],"twitter_card":"summary_large_image","twitter_misc":{"Written by":"Marketing","Est. reading time":"3 minutos"},"schema":{"@context":"https:\/\/schema.org","@graph":[{"@type":"Organization","@id":"https:\/\/ieditorial.net\/blog-elearning\/#organization","name":"iEditorial","url":"https:\/\/ieditorial.net\/blog-elearning\/","sameAs":[],"logo":{"@type":"ImageObject","inLanguage":"es","@id":"https:\/\/ieditorial.net\/blog-elearning\/#\/schema\/logo\/image\/","url":"https:\/\/ieditorial.net\/blog-elearning\/wp-content\/uploads\/2020\/05\/logo_ieditorial.png","contentUrl":"https:\/\/ieditorial.net\/blog-elearning\/wp-content\/uploads\/2020\/05\/logo_ieditorial.png","width":133,"height":60,"caption":"iEditorial"},"image":{"@id":"https:\/\/ieditorial.net\/blog-elearning\/#\/schema\/logo\/image\/"}},{"@type":"WebSite","@id":"https:\/\/ieditorial.net\/blog-elearning\/#website","url":"https:\/\/ieditorial.net\/blog-elearning\/","name":"Blog Ieditorial","description":"Blog de iEditorial","publisher":{"@id":"https:\/\/ieditorial.net\/blog-elearning\/#organization"},"potentialAction":[{"@type":"SearchAction","target":{"@type":"EntryPoint","urlTemplate":"https:\/\/ieditorial.net\/blog-elearning\/?s={search_term_string}"},"query-input":"required name=search_term_string"}],"inLanguage":"es"},{"@type":"ImageObject","inLanguage":"es","@id":"https:\/\/ieditorial.net\/blog-elearning\/convocatoria-subvenciones-formacion-personas-desempleadas-murcia\/#primaryimage","url":"https:\/\/ieditorial.net\/blog-elearning\/wp-content\/uploads\/2026\/04\/Subvenciones-Murcia-2026-ieditorial.jpg","contentUrl":"https:\/\/ieditorial.net\/blog-elearning\/wp-content\/uploads\/2026\/04\/Subvenciones-Murcia-2026-ieditorial.jpg","width":1000,"height":667},{"@type":"WebPage","@id":"https:\/\/ieditorial.net\/blog-elearning\/convocatoria-subvenciones-formacion-personas-desempleadas-murcia\/#webpage","url":"https:\/\/ieditorial.net\/blog-elearning\/convocatoria-subvenciones-formacion-personas-desempleadas-murcia\/","name":"Convocatoria LABORA 2026: Subvenciones formaci\u00f3n conducente a certificados profesionales para personas desempleadas","isPartOf":{"@id":"https:\/\/ieditorial.net\/blog-elearning\/#website"},"primaryImageOfPage":{"@id":"https:\/\/ieditorial.net\/blog-elearning\/convocatoria-subvenciones-formacion-personas-desempleadas-murcia\/#primaryimage"},"datePublished":"2026-04-27T13:46:39+00:00","dateModified":"2026-04-27T13:54:20+00:00","description":"LABORA convoca subvenciones para formaci\u00f3n conducente a certificados profesionales dirigida a personas desempleadas en la Comunitat Valenciana.","breadcrumb":{"@id":"https:\/\/ieditorial.net\/blog-elearning\/convocatoria-subvenciones-formacion-personas-desempleadas-murcia\/#breadcrumb"},"inLanguage":"es","potentialAction":[{"@type":"ReadAction","target":["https:\/\/ieditorial.net\/blog-elearning\/convocatoria-subvenciones-formacion-personas-desempleadas-murcia\/"]}]},{"@type":"BreadcrumbList","@id":"https:\/\/ieditorial.net\/blog-elearning\/convocatoria-subvenciones-formacion-personas-desempleadas-murcia\/#breadcrumb","itemListElement":[{"@type":"ListItem","position":1,"name":"Blog","item":"https:\/\/ieditorial.net\/blog-elearning\/"},{"@type":"ListItem","position":2,"name":"Convocatorias","item":"https:\/\/ieditorial.net\/blog-elearning\/convocatorias\/"},{"@type":"ListItem","position":3,"name":"Convocatoria SEF 2026: Subvenciones para proyectos de formaci\u00f3n dirigidos a personas desempleadas en la Regi\u00f3n de Murcia"}]},{"@type":"Article","@id":"https:\/\/ieditorial.net\/blog-elearning\/convocatoria-subvenciones-formacion-personas-desempleadas-murcia\/#article","isPartOf":{"@id":"https:\/\/ieditorial.net\/blog-elearning\/convocatoria-subvenciones-formacion-personas-desempleadas-murcia\/#webpage"},"author":{"@id":"https:\/\/ieditorial.net\/blog-elearning\/#\/schema\/person\/df3e88792531e3b0405272c5880bdb3e"},"headline":"Convocatoria SEF 2026: Subvenciones para proyectos de formaci\u00f3n dirigidos a personas desempleadas en la Regi\u00f3n de Murcia","datePublished":"2026-04-27T13:46:39+00:00","dateModified":"2026-04-27T13:54:20+00:00","mainEntityOfPage":{"@id":"https:\/\/ieditorial.net\/blog-elearning\/convocatoria-subvenciones-formacion-personas-desempleadas-murcia\/#webpage"},"wordCount":805,"commentCount":0,"publisher":{"@id":"https:\/\/ieditorial.net\/blog-elearning\/#organization"},"image":{"@id":"https:\/\/ieditorial.net\/blog-elearning\/convocatoria-subvenciones-formacion-personas-desempleadas-murcia\/#primaryimage"},"thumbnailUrl":"https:\/\/ieditorial.net\/blog-elearning\/wp-content\/uploads\/2026\/04\/Subvenciones-Murcia-2026-ieditorial.jpg","keywords":["convocatoria","formaci\u00f3n","Murcia","SEF","subvenciones"],"articleSection":["Actualidad","Convocatorias","Formaci\u00f3n"],"inLanguage":"es","potentialAction":[{"@type":"CommentAction","name":"Comment","target":["https:\/\/ieditorial.net\/blog-elearning\/convocatoria-subvenciones-formacion-personas-desempleadas-murcia\/#respond"]}]},{"@type":"Person","@id":"https:\/\/ieditorial.net\/blog-elearning\/#\/schema\/person\/df3e88792531e3b0405272c5880bdb3e","name":"Marketing","image":{"@type":"ImageObject","inLanguage":"es","@id":"https:\/\/ieditorial.net\/blog-elearning\/#\/schema\/person\/image\/","url":"https:\/\/secure.gravatar.com\/avatar\/9ec7a623cd5d87bded1cb81e43a55c2a91837c2a590708867645cbde85148019?s=96&d=mm&r=g","contentUrl":"https:\/\/secure.gravatar.com\/avatar\/9ec7a623cd5d87bded1cb81e43a55c2a91837c2a590708867645cbde85148019?s=96&d=mm&r=g","caption":"Marketing"},"url":"https:\/\/ieditorial.net\/blog-elearning\/author\/marketing\/"}]}},"_links":{"self":[{"href":"https:\/\/ieditorial.net\/blog-elearning\/wp-json\/wp\/v2\/posts\/1852","targetHints":{"allow":["GET"]}}],"collection":[{"href":"https:\/\/ieditorial.net\/blog-elearning\/wp-json\/wp\/v2\/posts"}],"about":[{"href":"https:\/\/ieditorial.net\/blog-elearning\/wp-json\/wp\/v2\/types\/post"}],"author":[{"embeddable":true,"href":"https:\/\/ieditorial.net\/blog-elearning\/wp-json\/wp\/v2\/users\/5"}],"replies":[{"embeddable":true,"href":"https:\/\/ieditorial.net\/blog-elearning\/wp-json\/wp\/v2\/comments?post=1852"}],"version-history":[{"count":3,"href":"https:\/\/ieditorial.net\/blog-elearning\/wp-json\/wp\/v2\/posts\/1852\/revisions"}],"predecessor-version":[{"id":1856,"href":"https:\/\/ieditorial.net\/blog-elearning\/wp-json\/wp\/v2\/posts\/1852\/revisions\/1856"}],"wp:featuredmedia":[{"embeddable":true,"href":"https:\/\/ieditorial.net\/blog-elearning\/wp-json\/wp\/v2\/media\/1854"}],"wp:attachment":[{"href":"https:\/\/ieditorial.net\/blog-elearning\/wp-json\/wp\/v2\/media?parent=1852"}],"wp:term":[{"taxonomy":"category","embeddable":true,"href":"https:\/\/ieditorial.net\/blog-elearning\/wp-json\/wp\/v2\/categories?post=1852"},{"taxonomy":"post_tag","embeddable":true,"href":"https:\/\/ieditorial.net\/blog-elearning\/wp-json\/wp\/v2\/tags?post=1852"}],"curies":[{"name":"wp","href":"https:\/\/api.w.org\/{rel}","templated":true}]}}