{"id":257,"date":"2019-05-09T17:41:00","date_gmt":"2019-05-09T17:41:00","guid":{"rendered":"https:\/\/ieditorial.net\/blog-elearning\/?p=257"},"modified":"2020-05-12T07:36:07","modified_gmt":"2020-05-12T07:36:07","slug":"convocatoria-nacional-ocupados-2018","status":"publish","type":"post","link":"https:\/\/ieditorial.net\/blog-elearning\/convocatoria-nacional-ocupados-2018\/","title":{"rendered":"Todo lo que debes saber de la Convocatoria Nacional Ocupados 2018"},"content":{"rendered":"\n<p>El d\u00eda 17 de enero de 2019, el SEPE aprob\u00f3 la Convocatoria Nacional Ocupados 2018. Para esta nueva convocatoria se han concedidos unos 350 millones de euros destinados a subvenciones p\u00fablicas. M\u00e1s concretamente, concedidas para los programas de formaci\u00f3n de las personas ocupadas. Con esta convocatoria tratan de aumentar la eficiencia de los trabajadores y as\u00ed adecuar la demanda a las necesidades del mercado laboral.<\/p>\n\n\n\n<p>Las empresas que se van a beneficiar de estas ayudas han de cumplir una serie de requisitos establecidos en el BOE. Principalmente, han de estar acreditadas y\/o inscritas en las especialidades formativas&nbsp; o certificados de profesionalidad que van impartir.<\/p>\n\n\n\n<p>En esta convocatoria podemos encontrar tres tipos de programas de formaci\u00f3n: de formaci\u00f3n transversal, de formaci\u00f3n sectorial estatal y transversales dirigidos a aut\u00f3nomos y socios de econom\u00eda social.<\/p>\n\n\n\n<p>Estos programas est\u00e1n dirigidos a trabajadoras y trabajadores ocupados con el objetivo de orientarlos para que mejoren sus competencias profesionales. Las personas prioritarias que podr\u00e1n acceder a estar formaciones son:<\/p>\n\n\n\n<p>-J\u00f3venes menores de 30 a\u00f1os<\/p>\n\n\n\n<p>&#8211; Mujeres<\/p>\n\n\n\n<p>&#8211; Mayores de 45 a\u00f1os<\/p>\n\n\n\n<p>&#8211; Personas con discapacidad<\/p>\n\n\n\n<p>&#8211; Personas con bajo nivel de cualificaci\u00f3n<\/p>\n\n\n\n<p>&#8211; Parados de larga duraci\u00f3n<\/p>\n\n\n\n<p>&#8211; Trabajadores de Pymes<\/p>\n\n\n\n<p>-Personas con contratos a tiempo parcial y temporales<\/p>\n\n\n\n<p>En iEditorial tenemos las especialidades formativas de la convocatoria nacional ocupados 2018. Todos nuestros contenidos elearning y materiales did\u00e1cticos est\u00e1n adecuados al cat\u00e1logo nacional de cualificaciones profesionales. Cualquier duda o consulta, no dude en ponerse en contacto con nosotros.<\/p>\n","protected":false},"excerpt":{"rendered":"<p>Inf\u00f3rmate sobre la Convocatoria Nacional Ccupados 2018. \u00bfQu\u00e9 entidades pueden impartir las especialidades? \u00bfQuienes pueden beneficiarse de los programas de formaci\u00f3n?<\/p>\n","protected":false},"author":2,"featured_media":258,"comment_status":"open","ping_status":"open","sticky":false,"template":"","format":"standard","meta":{"_editorskit_title_hidden":false,"_editorskit_reading_time":0,"_editorskit_typography_data":[],"_editorskit_blocks_typography":"","_editorskit_is_block_options_detached":false,"_editorskit_block_options_position":"{}"},"categories":[3],"tags":[],"acf":[],"yoast_head":"<!-- This site is optimized with the Yoast SEO plugin v19.0 - https:\/\/yoast.com\/wordpress\/plugins\/seo\/ -->\n<title>Consulta todo sobre la Convocatoria Nacional Ocupados 2018<\/title>\n<meta name=\"description\" content=\"Descubre las principales caracter\u00edsticas de la convocatoria ocupados 2018 de \u00e1mbito nacional\" \/>\n<meta name=\"robots\" content=\"index, follow, max-snippet:-1, max-image-preview:large, max-video-preview:-1\" \/>\n<link rel=\"canonical\" href=\"https:\/\/ieditorial.net\/blog-elearning\/convocatoria-nacional-ocupados-2018\/\" \/>\n<meta property=\"og:locale\" content=\"es_ES\" \/>\n<meta property=\"og:type\" content=\"article\" \/>\n<meta property=\"og:title\" content=\"Consulta todo sobre la Convocatoria Nacional Ocupados 2018\" \/>\n<meta property=\"og:description\" content=\"Descubre las principales caracter\u00edsticas de la convocatoria ocupados 2018 de \u00e1mbito nacional\" \/>\n<meta property=\"og:url\" content=\"https:\/\/ieditorial.net\/blog-elearning\/convocatoria-nacional-ocupados-2018\/\" \/>\n<meta property=\"og:site_name\" content=\"Blog Ieditorial\" \/>\n<meta property=\"article:published_time\" content=\"2019-05-09T17:41:00+00:00\" \/>\n<meta property=\"article:modified_time\" content=\"2020-05-12T07:36:07+00:00\" \/>\n<meta property=\"og:image\" content=\"https:\/\/ieditorial.net\/blog-elearning\/wp-content\/uploads\/2020\/05\/convocatoria-nacional-ocupados-2018.jpg\" \/>\n\t<meta property=\"og:image:width\" content=\"640\" \/>\n\t<meta property=\"og:image:height\" content=\"426\" \/>\n\t<meta property=\"og:image:type\" content=\"image\/jpeg\" \/>\n<meta name=\"twitter:card\" content=\"summary_large_image\" \/>\n<meta name=\"twitter:label1\" content=\"Written by\" \/>\n\t<meta name=\"twitter:data1\" content=\"Antonio Martinez\" \/>\n\t<meta name=\"twitter:label2\" content=\"Est. reading time\" \/>\n\t<meta name=\"twitter:data2\" content=\"1 minuto\" \/>\n<script type=\"application\/ld+json\" class=\"yoast-schema-graph\">{\"@context\":\"https:\/\/schema.org\",\"@graph\":[{\"@type\":\"Organization\",\"@id\":\"https:\/\/ieditorial.net\/blog-elearning\/#organization\",\"name\":\"iEditorial\",\"url\":\"https:\/\/ieditorial.net\/blog-elearning\/\",\"sameAs\":[],\"logo\":{\"@type\":\"ImageObject\",\"inLanguage\":\"es\",\"@id\":\"https:\/\/ieditorial.net\/blog-elearning\/#\/schema\/logo\/image\/\",\"url\":\"https:\/\/ieditorial.net\/blog-elearning\/wp-content\/uploads\/2020\/05\/logo_ieditorial.png\",\"contentUrl\":\"https:\/\/ieditorial.net\/blog-elearning\/wp-content\/uploads\/2020\/05\/logo_ieditorial.png\",\"width\":133,\"height\":60,\"caption\":\"iEditorial\"},\"image\":{\"@id\":\"https:\/\/ieditorial.net\/blog-elearning\/#\/schema\/logo\/image\/\"}},{\"@type\":\"WebSite\",\"@id\":\"https:\/\/ieditorial.net\/blog-elearning\/#website\",\"url\":\"https:\/\/ieditorial.net\/blog-elearning\/\",\"name\":\"Blog Ieditorial\",\"description\":\"Blog de iEditorial\",\"publisher\":{\"@id\":\"https:\/\/ieditorial.net\/blog-elearning\/#organization\"},\"potentialAction\":[{\"@type\":\"SearchAction\",\"target\":{\"@type\":\"EntryPoint\",\"urlTemplate\":\"https:\/\/ieditorial.net\/blog-elearning\/?s={search_term_string}\"},\"query-input\":\"required name=search_term_string\"}],\"inLanguage\":\"es\"},{\"@type\":\"ImageObject\",\"inLanguage\":\"es\",\"@id\":\"https:\/\/ieditorial.net\/blog-elearning\/convocatoria-nacional-ocupados-2018\/#primaryimage\",\"url\":\"https:\/\/ieditorial.net\/blog-elearning\/wp-content\/uploads\/2020\/05\/convocatoria-nacional-ocupados-2018.jpg\",\"contentUrl\":\"https:\/\/ieditorial.net\/blog-elearning\/wp-content\/uploads\/2020\/05\/convocatoria-nacional-ocupados-2018.jpg\",\"width\":640,\"height\":426},{\"@type\":\"WebPage\",\"@id\":\"https:\/\/ieditorial.net\/blog-elearning\/convocatoria-nacional-ocupados-2018\/#webpage\",\"url\":\"https:\/\/ieditorial.net\/blog-elearning\/convocatoria-nacional-ocupados-2018\/\",\"name\":\"Consulta todo sobre la Convocatoria Nacional Ocupados 2018\",\"isPartOf\":{\"@id\":\"https:\/\/ieditorial.net\/blog-elearning\/#website\"},\"primaryImageOfPage\":{\"@id\":\"https:\/\/ieditorial.net\/blog-elearning\/convocatoria-nacional-ocupados-2018\/#primaryimage\"},\"datePublished\":\"2019-05-09T17:41:00+00:00\",\"dateModified\":\"2020-05-12T07:36:07+00:00\",\"description\":\"Descubre las principales caracter\u00edsticas de la convocatoria ocupados 2018 de \u00e1mbito nacional\",\"breadcrumb\":{\"@id\":\"https:\/\/ieditorial.net\/blog-elearning\/convocatoria-nacional-ocupados-2018\/#breadcrumb\"},\"inLanguage\":\"es\",\"potentialAction\":[{\"@type\":\"ReadAction\",\"target\":[\"https:\/\/ieditorial.net\/blog-elearning\/convocatoria-nacional-ocupados-2018\/\"]}]},{\"@type\":\"BreadcrumbList\",\"@id\":\"https:\/\/ieditorial.net\/blog-elearning\/convocatoria-nacional-ocupados-2018\/#breadcrumb\",\"itemListElement\":[{\"@type\":\"ListItem\",\"position\":1,\"name\":\"Blog\",\"item\":\"https:\/\/ieditorial.net\/blog-elearning\/\"},{\"@type\":\"ListItem\",\"position\":2,\"name\":\"Convocatorias\",\"item\":\"https:\/\/ieditorial.net\/blog-elearning\/convocatorias\/\"},{\"@type\":\"ListItem\",\"position\":3,\"name\":\"Todo lo que debes saber de la Convocatoria Nacional Ocupados 2018\"}]},{\"@type\":\"Article\",\"@id\":\"https:\/\/ieditorial.net\/blog-elearning\/convocatoria-nacional-ocupados-2018\/#article\",\"isPartOf\":{\"@id\":\"https:\/\/ieditorial.net\/blog-elearning\/convocatoria-nacional-ocupados-2018\/#webpage\"},\"author\":{\"@id\":\"https:\/\/ieditorial.net\/blog-elearning\/#\/schema\/person\/ac193056ff695f8e129f852a242c6854\"},\"headline\":\"Todo lo que debes saber de la Convocatoria Nacional Ocupados 2018\",\"datePublished\":\"2019-05-09T17:41:00+00:00\",\"dateModified\":\"2020-05-12T07:36:07+00:00\",\"mainEntityOfPage\":{\"@id\":\"https:\/\/ieditorial.net\/blog-elearning\/convocatoria-nacional-ocupados-2018\/#webpage\"},\"wordCount\":265,\"commentCount\":0,\"publisher\":{\"@id\":\"https:\/\/ieditorial.net\/blog-elearning\/#organization\"},\"image\":{\"@id\":\"https:\/\/ieditorial.net\/blog-elearning\/convocatoria-nacional-ocupados-2018\/#primaryimage\"},\"thumbnailUrl\":\"https:\/\/ieditorial.net\/blog-elearning\/wp-content\/uploads\/2020\/05\/convocatoria-nacional-ocupados-2018.jpg\",\"articleSection\":[\"Convocatorias\"],\"inLanguage\":\"es\",\"potentialAction\":[{\"@type\":\"CommentAction\",\"name\":\"Comment\",\"target\":[\"https:\/\/ieditorial.net\/blog-elearning\/convocatoria-nacional-ocupados-2018\/#respond\"]}]},{\"@type\":\"Person\",\"@id\":\"https:\/\/ieditorial.net\/blog-elearning\/#\/schema\/person\/ac193056ff695f8e129f852a242c6854\",\"name\":\"Antonio Martinez\",\"image\":{\"@type\":\"ImageObject\",\"inLanguage\":\"es\",\"@id\":\"https:\/\/ieditorial.net\/blog-elearning\/#\/schema\/person\/image\/\",\"url\":\"https:\/\/secure.gravatar.com\/avatar\/9800b1eb335e4b595954568a0da463da?s=96&d=mm&r=g\",\"contentUrl\":\"https:\/\/secure.gravatar.com\/avatar\/9800b1eb335e4b595954568a0da463da?s=96&d=mm&r=g\",\"caption\":\"Antonio Martinez\"},\"url\":\"https:\/\/ieditorial.net\/blog-elearning\/author\/antoniom\/\"}]}<\/script>\n<!-- \/ Yoast SEO plugin. -->","yoast_head_json":{"title":"Consulta todo sobre la Convocatoria Nacional Ocupados 2018","description":"Descubre las principales caracter\u00edsticas de la convocatoria ocupados 2018 de \u00e1mbito nacional","robots":{"index":"index","follow":"follow","max-snippet":"max-snippet:-1","max-image-preview":"max-image-preview:large","max-video-preview":"max-video-preview:-1"},"canonical":"https:\/\/ieditorial.net\/blog-elearning\/convocatoria-nacional-ocupados-2018\/","og_locale":"es_ES","og_type":"article","og_title":"Consulta todo sobre la Convocatoria Nacional Ocupados 2018","og_description":"Descubre las principales caracter\u00edsticas de la convocatoria ocupados 2018 de \u00e1mbito nacional","og_url":"https:\/\/ieditorial.net\/blog-elearning\/convocatoria-nacional-ocupados-2018\/","og_site_name":"Blog Ieditorial","article_published_time":"2019-05-09T17:41:00+00:00","article_modified_time":"2020-05-12T07:36:07+00:00","og_image":[{"width":640,"height":426,"url":"https:\/\/ieditorial.net\/blog-elearning\/wp-content\/uploads\/2020\/05\/convocatoria-nacional-ocupados-2018.jpg","type":"image\/jpeg"}],"twitter_card":"summary_large_image","twitter_misc":{"Written by":"Antonio Martinez","Est. reading time":"1 minuto"},"schema":{"@context":"https:\/\/schema.org","@graph":[{"@type":"Organization","@id":"https:\/\/ieditorial.net\/blog-elearning\/#organization","name":"iEditorial","url":"https:\/\/ieditorial.net\/blog-elearning\/","sameAs":[],"logo":{"@type":"ImageObject","inLanguage":"es","@id":"https:\/\/ieditorial.net\/blog-elearning\/#\/schema\/logo\/image\/","url":"https:\/\/ieditorial.net\/blog-elearning\/wp-content\/uploads\/2020\/05\/logo_ieditorial.png","contentUrl":"https:\/\/ieditorial.net\/blog-elearning\/wp-content\/uploads\/2020\/05\/logo_ieditorial.png","width":133,"height":60,"caption":"iEditorial"},"image":{"@id":"https:\/\/ieditorial.net\/blog-elearning\/#\/schema\/logo\/image\/"}},{"@type":"WebSite","@id":"https:\/\/ieditorial.net\/blog-elearning\/#website","url":"https:\/\/ieditorial.net\/blog-elearning\/","name":"Blog Ieditorial","description":"Blog de iEditorial","publisher":{"@id":"https:\/\/ieditorial.net\/blog-elearning\/#organization"},"potentialAction":[{"@type":"SearchAction","target":{"@type":"EntryPoint","urlTemplate":"https:\/\/ieditorial.net\/blog-elearning\/?s={search_term_string}"},"query-input":"required name=search_term_string"}],"inLanguage":"es"},{"@type":"ImageObject","inLanguage":"es","@id":"https:\/\/ieditorial.net\/blog-elearning\/convocatoria-nacional-ocupados-2018\/#primaryimage","url":"https:\/\/ieditorial.net\/blog-elearning\/wp-content\/uploads\/2020\/05\/convocatoria-nacional-ocupados-2018.jpg","contentUrl":"https:\/\/ieditorial.net\/blog-elearning\/wp-content\/uploads\/2020\/05\/convocatoria-nacional-ocupados-2018.jpg","width":640,"height":426},{"@type":"WebPage","@id":"https:\/\/ieditorial.net\/blog-elearning\/convocatoria-nacional-ocupados-2018\/#webpage","url":"https:\/\/ieditorial.net\/blog-elearning\/convocatoria-nacional-ocupados-2018\/","name":"Consulta todo sobre la Convocatoria Nacional Ocupados 2018","isPartOf":{"@id":"https:\/\/ieditorial.net\/blog-elearning\/#website"},"primaryImageOfPage":{"@id":"https:\/\/ieditorial.net\/blog-elearning\/convocatoria-nacional-ocupados-2018\/#primaryimage"},"datePublished":"2019-05-09T17:41:00+00:00","dateModified":"2020-05-12T07:36:07+00:00","description":"Descubre las principales caracter\u00edsticas de la convocatoria ocupados 2018 de \u00e1mbito nacional","breadcrumb":{"@id":"https:\/\/ieditorial.net\/blog-elearning\/convocatoria-nacional-ocupados-2018\/#breadcrumb"},"inLanguage":"es","potentialAction":[{"@type":"ReadAction","target":["https:\/\/ieditorial.net\/blog-elearning\/convocatoria-nacional-ocupados-2018\/"]}]},{"@type":"BreadcrumbList","@id":"https:\/\/ieditorial.net\/blog-elearning\/convocatoria-nacional-ocupados-2018\/#breadcrumb","itemListElement":[{"@type":"ListItem","position":1,"name":"Blog","item":"https:\/\/ieditorial.net\/blog-elearning\/"},{"@type":"ListItem","position":2,"name":"Convocatorias","item":"https:\/\/ieditorial.net\/blog-elearning\/convocatorias\/"},{"@type":"ListItem","position":3,"name":"Todo lo que debes saber de la Convocatoria Nacional Ocupados 2018"}]},{"@type":"Article","@id":"https:\/\/ieditorial.net\/blog-elearning\/convocatoria-nacional-ocupados-2018\/#article","isPartOf":{"@id":"https:\/\/ieditorial.net\/blog-elearning\/convocatoria-nacional-ocupados-2018\/#webpage"},"author":{"@id":"https:\/\/ieditorial.net\/blog-elearning\/#\/schema\/person\/ac193056ff695f8e129f852a242c6854"},"headline":"Todo lo que debes saber de la Convocatoria Nacional Ocupados 2018","datePublished":"2019-05-09T17:41:00+00:00","dateModified":"2020-05-12T07:36:07+00:00","mainEntityOfPage":{"@id":"https:\/\/ieditorial.net\/blog-elearning\/convocatoria-nacional-ocupados-2018\/#webpage"},"wordCount":265,"commentCount":0,"publisher":{"@id":"https:\/\/ieditorial.net\/blog-elearning\/#organization"},"image":{"@id":"https:\/\/ieditorial.net\/blog-elearning\/convocatoria-nacional-ocupados-2018\/#primaryimage"},"thumbnailUrl":"https:\/\/ieditorial.net\/blog-elearning\/wp-content\/uploads\/2020\/05\/convocatoria-nacional-ocupados-2018.jpg","articleSection":["Convocatorias"],"inLanguage":"es","potentialAction":[{"@type":"CommentAction","name":"Comment","target":["https:\/\/ieditorial.net\/blog-elearning\/convocatoria-nacional-ocupados-2018\/#respond"]}]},{"@type":"Person","@id":"https:\/\/ieditorial.net\/blog-elearning\/#\/schema\/person\/ac193056ff695f8e129f852a242c6854","name":"Antonio Martinez","image":{"@type":"ImageObject","inLanguage":"es","@id":"https:\/\/ieditorial.net\/blog-elearning\/#\/schema\/person\/image\/","url":"https:\/\/secure.gravatar.com\/avatar\/9800b1eb335e4b595954568a0da463da?s=96&d=mm&r=g","contentUrl":"https:\/\/secure.gravatar.com\/avatar\/9800b1eb335e4b595954568a0da463da?s=96&d=mm&r=g","caption":"Antonio Martinez"},"url":"https:\/\/ieditorial.net\/blog-elearning\/author\/antoniom\/"}]}},"_links":{"self":[{"href":"https:\/\/ieditorial.net\/blog-elearning\/wp-json\/wp\/v2\/posts\/257"}],"collection":[{"href":"https:\/\/ieditorial.net\/blog-elearning\/wp-json\/wp\/v2\/posts"}],"about":[{"href":"https:\/\/ieditorial.net\/blog-elearning\/wp-json\/wp\/v2\/types\/post"}],"author":[{"embeddable":true,"href":"https:\/\/ieditorial.net\/blog-elearning\/wp-json\/wp\/v2\/users\/2"}],"replies":[{"embeddable":true,"href":"https:\/\/ieditorial.net\/blog-elearning\/wp-json\/wp\/v2\/comments?post=257"}],"version-history":[{"count":3,"href":"https:\/\/ieditorial.net\/blog-elearning\/wp-json\/wp\/v2\/posts\/257\/revisions"}],"predecessor-version":[{"id":279,"href":"https:\/\/ieditorial.net\/blog-elearning\/wp-json\/wp\/v2\/posts\/257\/revisions\/279"}],"wp:featuredmedia":[{"embeddable":true,"href":"https:\/\/ieditorial.net\/blog-elearning\/wp-json\/wp\/v2\/media\/258"}],"wp:attachment":[{"href":"https:\/\/ieditorial.net\/blog-elearning\/wp-json\/wp\/v2\/media?parent=257"}],"wp:term":[{"taxonomy":"category","embeddable":true,"href":"https:\/\/ieditorial.net\/blog-elearning\/wp-json\/wp\/v2\/categories?post=257"},{"taxonomy":"post_tag","embeddable":true,"href":"https:\/\/ieditorial.net\/blog-elearning\/wp-json\/wp\/v2\/tags?post=257"}],"curies":[{"name":"wp","href":"https:\/\/api.w.org\/{rel}","templated":true}]}}