{"id":260,"date":"2018-12-21T17:49:19","date_gmt":"2018-12-21T17:49:19","guid":{"rendered":"https:\/\/ieditorial.net\/blog-elearning\/?p=260"},"modified":"2020-05-12T07:32:02","modified_gmt":"2020-05-12T07:32:02","slug":"informacion-formacion-progamada","status":"publish","type":"post","link":"https:\/\/ieditorial.net\/blog-elearning\/informacion-formacion-progamada\/","title":{"rendered":"Informaci\u00f3n sobre la aplicaci\u00f3n de la formaci\u00f3n programada por las empresas 2019"},"content":{"rendered":"\r\n<p>FUNDAE ha informado que, antes de finalizar el a\u00f1o, se pondr\u00e1 a disposici\u00f3n de los usuarios el acceso a la aplicaci\u00f3n de \u201cFormaci\u00f3n Programada por las Empresas\u201d, que permitir\u00e1 notificar la formaci\u00f3n realizada con cargo al cr\u00e9dito asignado para el ejercicio 2019.<br \/><br \/>Se han incorporado las siguientes novedades con objeto de facilitar las notificaciones y la gesti\u00f3n de las bonificaciones a aplicar:<\/p>\r\n\r\n\r\n\r\n<p>-Las empresas de menos de 50 trabajadores que indicaron su voluntad de reservar el cr\u00e9dito de formaci\u00f3n no dispuesto en 2018, tendr\u00e1n\u00a0incorporado\u00a0ese cr\u00e9dito no consumido\u00a0en el cr\u00e9dito asignado en 2019.<\/p>\r\n\r\n\r\n\r\n<p>-Con objeto de facilitar la comunicaci\u00f3n de inicio de la formaci\u00f3n se han sustituido los turnos de ma\u00f1ana y tarde por tramos horarios. As\u00ed mismo se ha eliminado informaci\u00f3n de dichas comunicaciones con objeto de agilizar las mismas.<\/p>\r\n\r\n\r\n\r\n<p>-Se posibilita la comunicaci\u00f3n del n\u00famero de pasaporte en los campos de tutor, formador y proveedor de la formaci\u00f3n.<\/p>\r\n\r\n\r\n\r\n<p>-Se ha incorporado la distinci\u00f3n entre el certificado de asistencia y el diploma acreditativo para aquellos participantes que hayan superado la formaci\u00f3n con evaluaci\u00f3n positiva.<\/p>\r\n\r\n\r\n\r\n<p>-Se ha eliminado la obligatoriedad de incluir los participantes al inicio de la formaci\u00f3n en la formaci\u00f3n vinculada a la obtenci\u00f3n de un Certificado de profesionalidad.<\/p>\r\n\r\n\r\n\r\n<p>-Se ha incluido un nuevo tipo de Permiso Individual de Formaci\u00f3n (PIF) para comunicar el acceso a los procesos de \u201cEvaluaci\u00f3n y acreditaci\u00f3n de la experiencia laboral\u201d.<\/p>\r\n\r\n\r\n\r\n<p><br \/>Por otro lado, se han incorporado nuevas utilidades en el funcionamiento de la aplicaci\u00f3n:<br \/>En el men\u00fa de acciones formativas se ha incorporado la posibilidad de filtrar por modalidad.<\/p>\r\n\r\n\r\n\r\n<p>-Se ha incorporado la duraci\u00f3n de las acciones formativas en los listados.<\/p>\r\n\r\n\r\n\r\n<p>-A petici\u00f3n de las empresas se ha incluido el campo de cofinanciaci\u00f3n en la pantalla de costes.<\/p>\r\n\r\n\r\n\r\n<p>-Se ha incorporado una nueva pantalla para consultar la informaci\u00f3n declarada sobre la Representaci\u00f3n Legal de los Trabajadores.<\/p>\r\n\r\n\r\n\r\n<p>-Se ha ordenado de forma descendente el listado de XML.<\/p>\r\n\r\n\r\n\r\n<p>-Se ha completado el resumen de actividad con un mayor n\u00famero de alertas y un nuevo informe sobre el cr\u00e9dito reservado en el ejercicio anterior.<\/p>\r\n\r\n\r\n\r\n<p>-Por \u00faltimo, se han modificado las notificaciones para que recojan los datos del firmante en todas las hojas y se ha completado la informaci\u00f3n recogida en las mismas.<\/p>\r\n","protected":false},"excerpt":{"rendered":"<p>Describimos las novedades sobre la aplicaci\u00f3n de formaci\u00f3n para 2019 que proporciona FUNDAE.<\/p>\n","protected":false},"author":2,"featured_media":261,"comment_status":"open","ping_status":"open","sticky":false,"template":"","format":"standard","meta":{"_editorskit_title_hidden":false,"_editorskit_reading_time":0,"_editorskit_typography_data":[],"_editorskit_blocks_typography":"","_editorskit_is_block_options_detached":false,"_editorskit_block_options_position":"{}"},"categories":[3],"tags":[],"acf":[],"yoast_head":"<!-- This site is optimized with the Yoast SEO plugin v19.0 - https:\/\/yoast.com\/wordpress\/plugins\/seo\/ -->\n<title>Informaci\u00f3n sobre la formaci\u00f3n programada 2019 | Blog iEditorial<\/title>\n<meta name=\"robots\" content=\"index, follow, max-snippet:-1, max-image-preview:large, max-video-preview:-1\" \/>\n<link rel=\"canonical\" href=\"https:\/\/ieditorial.net\/blog-elearning\/informacion-formacion-progamada\/\" \/>\n<meta property=\"og:locale\" content=\"es_ES\" \/>\n<meta property=\"og:type\" content=\"article\" \/>\n<meta property=\"og:title\" content=\"Informaci\u00f3n sobre la formaci\u00f3n programada 2019 | Blog iEditorial\" \/>\n<meta property=\"og:description\" content=\"Describimos las novedades sobre la aplicaci\u00f3n de formaci\u00f3n para 2019 que proporciona FUNDAE.\" \/>\n<meta property=\"og:url\" content=\"https:\/\/ieditorial.net\/blog-elearning\/informacion-formacion-progamada\/\" \/>\n<meta property=\"og:site_name\" content=\"Blog Ieditorial\" \/>\n<meta property=\"article:published_time\" content=\"2018-12-21T17:49:19+00:00\" \/>\n<meta property=\"article:modified_time\" content=\"2020-05-12T07:32:02+00:00\" \/>\n<meta property=\"og:image\" content=\"https:\/\/ieditorial.net\/blog-elearning\/wp-content\/uploads\/2020\/05\/informacion-formacion-progamada.jpg\" \/>\n\t<meta property=\"og:image:width\" content=\"800\" \/>\n\t<meta property=\"og:image:height\" content=\"450\" \/>\n\t<meta property=\"og:image:type\" content=\"image\/jpeg\" \/>\n<meta name=\"twitter:card\" content=\"summary_large_image\" \/>\n<meta name=\"twitter:label1\" content=\"Written by\" \/>\n\t<meta name=\"twitter:data1\" content=\"Antonio Martinez\" \/>\n\t<meta name=\"twitter:label2\" content=\"Est. reading time\" \/>\n\t<meta name=\"twitter:data2\" content=\"2 minutos\" \/>\n<script type=\"application\/ld+json\" class=\"yoast-schema-graph\">{\"@context\":\"https:\/\/schema.org\",\"@graph\":[{\"@type\":\"Organization\",\"@id\":\"https:\/\/ieditorial.net\/blog-elearning\/#organization\",\"name\":\"iEditorial\",\"url\":\"https:\/\/ieditorial.net\/blog-elearning\/\",\"sameAs\":[],\"logo\":{\"@type\":\"ImageObject\",\"inLanguage\":\"es\",\"@id\":\"https:\/\/ieditorial.net\/blog-elearning\/#\/schema\/logo\/image\/\",\"url\":\"https:\/\/ieditorial.net\/blog-elearning\/wp-content\/uploads\/2020\/05\/logo_ieditorial.png\",\"contentUrl\":\"https:\/\/ieditorial.net\/blog-elearning\/wp-content\/uploads\/2020\/05\/logo_ieditorial.png\",\"width\":133,\"height\":60,\"caption\":\"iEditorial\"},\"image\":{\"@id\":\"https:\/\/ieditorial.net\/blog-elearning\/#\/schema\/logo\/image\/\"}},{\"@type\":\"WebSite\",\"@id\":\"https:\/\/ieditorial.net\/blog-elearning\/#website\",\"url\":\"https:\/\/ieditorial.net\/blog-elearning\/\",\"name\":\"Blog Ieditorial\",\"description\":\"Blog de iEditorial\",\"publisher\":{\"@id\":\"https:\/\/ieditorial.net\/blog-elearning\/#organization\"},\"potentialAction\":[{\"@type\":\"SearchAction\",\"target\":{\"@type\":\"EntryPoint\",\"urlTemplate\":\"https:\/\/ieditorial.net\/blog-elearning\/?s={search_term_string}\"},\"query-input\":\"required name=search_term_string\"}],\"inLanguage\":\"es\"},{\"@type\":\"ImageObject\",\"inLanguage\":\"es\",\"@id\":\"https:\/\/ieditorial.net\/blog-elearning\/informacion-formacion-progamada\/#primaryimage\",\"url\":\"https:\/\/ieditorial.net\/blog-elearning\/wp-content\/uploads\/2020\/05\/informacion-formacion-progamada.jpg\",\"contentUrl\":\"https:\/\/ieditorial.net\/blog-elearning\/wp-content\/uploads\/2020\/05\/informacion-formacion-progamada.jpg\",\"width\":800,\"height\":450},{\"@type\":\"WebPage\",\"@id\":\"https:\/\/ieditorial.net\/blog-elearning\/informacion-formacion-progamada\/#webpage\",\"url\":\"https:\/\/ieditorial.net\/blog-elearning\/informacion-formacion-progamada\/\",\"name\":\"Informaci\u00f3n sobre la formaci\u00f3n programada 2019 | Blog iEditorial\",\"isPartOf\":{\"@id\":\"https:\/\/ieditorial.net\/blog-elearning\/#website\"},\"primaryImageOfPage\":{\"@id\":\"https:\/\/ieditorial.net\/blog-elearning\/informacion-formacion-progamada\/#primaryimage\"},\"datePublished\":\"2018-12-21T17:49:19+00:00\",\"dateModified\":\"2020-05-12T07:32:02+00:00\",\"breadcrumb\":{\"@id\":\"https:\/\/ieditorial.net\/blog-elearning\/informacion-formacion-progamada\/#breadcrumb\"},\"inLanguage\":\"es\",\"potentialAction\":[{\"@type\":\"ReadAction\",\"target\":[\"https:\/\/ieditorial.net\/blog-elearning\/informacion-formacion-progamada\/\"]}]},{\"@type\":\"BreadcrumbList\",\"@id\":\"https:\/\/ieditorial.net\/blog-elearning\/informacion-formacion-progamada\/#breadcrumb\",\"itemListElement\":[{\"@type\":\"ListItem\",\"position\":1,\"name\":\"Blog\",\"item\":\"https:\/\/ieditorial.net\/blog-elearning\/\"},{\"@type\":\"ListItem\",\"position\":2,\"name\":\"Convocatorias\",\"item\":\"https:\/\/ieditorial.net\/blog-elearning\/convocatorias\/\"},{\"@type\":\"ListItem\",\"position\":3,\"name\":\"Informaci\u00f3n sobre la aplicaci\u00f3n de la formaci\u00f3n programada por las empresas 2019\"}]},{\"@type\":\"Article\",\"@id\":\"https:\/\/ieditorial.net\/blog-elearning\/informacion-formacion-progamada\/#article\",\"isPartOf\":{\"@id\":\"https:\/\/ieditorial.net\/blog-elearning\/informacion-formacion-progamada\/#webpage\"},\"author\":{\"@id\":\"https:\/\/ieditorial.net\/blog-elearning\/#\/schema\/person\/ac193056ff695f8e129f852a242c6854\"},\"headline\":\"Informaci\u00f3n sobre la aplicaci\u00f3n de la formaci\u00f3n programada por las empresas 2019\",\"datePublished\":\"2018-12-21T17:49:19+00:00\",\"dateModified\":\"2020-05-12T07:32:02+00:00\",\"mainEntityOfPage\":{\"@id\":\"https:\/\/ieditorial.net\/blog-elearning\/informacion-formacion-progamada\/#webpage\"},\"wordCount\":416,\"commentCount\":0,\"publisher\":{\"@id\":\"https:\/\/ieditorial.net\/blog-elearning\/#organization\"},\"image\":{\"@id\":\"https:\/\/ieditorial.net\/blog-elearning\/informacion-formacion-progamada\/#primaryimage\"},\"thumbnailUrl\":\"https:\/\/ieditorial.net\/blog-elearning\/wp-content\/uploads\/2020\/05\/informacion-formacion-progamada.jpg\",\"articleSection\":[\"Convocatorias\"],\"inLanguage\":\"es\",\"potentialAction\":[{\"@type\":\"CommentAction\",\"name\":\"Comment\",\"target\":[\"https:\/\/ieditorial.net\/blog-elearning\/informacion-formacion-progamada\/#respond\"]}]},{\"@type\":\"Person\",\"@id\":\"https:\/\/ieditorial.net\/blog-elearning\/#\/schema\/person\/ac193056ff695f8e129f852a242c6854\",\"name\":\"Antonio Martinez\",\"image\":{\"@type\":\"ImageObject\",\"inLanguage\":\"es\",\"@id\":\"https:\/\/ieditorial.net\/blog-elearning\/#\/schema\/person\/image\/\",\"url\":\"https:\/\/secure.gravatar.com\/avatar\/9800b1eb335e4b595954568a0da463da?s=96&d=mm&r=g\",\"contentUrl\":\"https:\/\/secure.gravatar.com\/avatar\/9800b1eb335e4b595954568a0da463da?s=96&d=mm&r=g\",\"caption\":\"Antonio Martinez\"},\"url\":\"https:\/\/ieditorial.net\/blog-elearning\/author\/antoniom\/\"}]}<\/script>\n<!-- \/ Yoast SEO plugin. -->","yoast_head_json":{"title":"Informaci\u00f3n sobre la formaci\u00f3n programada 2019 | Blog iEditorial","robots":{"index":"index","follow":"follow","max-snippet":"max-snippet:-1","max-image-preview":"max-image-preview:large","max-video-preview":"max-video-preview:-1"},"canonical":"https:\/\/ieditorial.net\/blog-elearning\/informacion-formacion-progamada\/","og_locale":"es_ES","og_type":"article","og_title":"Informaci\u00f3n sobre la formaci\u00f3n programada 2019 | Blog iEditorial","og_description":"Describimos las novedades sobre la aplicaci\u00f3n de formaci\u00f3n para 2019 que proporciona FUNDAE.","og_url":"https:\/\/ieditorial.net\/blog-elearning\/informacion-formacion-progamada\/","og_site_name":"Blog Ieditorial","article_published_time":"2018-12-21T17:49:19+00:00","article_modified_time":"2020-05-12T07:32:02+00:00","og_image":[{"width":800,"height":450,"url":"https:\/\/ieditorial.net\/blog-elearning\/wp-content\/uploads\/2020\/05\/informacion-formacion-progamada.jpg","type":"image\/jpeg"}],"twitter_card":"summary_large_image","twitter_misc":{"Written by":"Antonio Martinez","Est. reading time":"2 minutos"},"schema":{"@context":"https:\/\/schema.org","@graph":[{"@type":"Organization","@id":"https:\/\/ieditorial.net\/blog-elearning\/#organization","name":"iEditorial","url":"https:\/\/ieditorial.net\/blog-elearning\/","sameAs":[],"logo":{"@type":"ImageObject","inLanguage":"es","@id":"https:\/\/ieditorial.net\/blog-elearning\/#\/schema\/logo\/image\/","url":"https:\/\/ieditorial.net\/blog-elearning\/wp-content\/uploads\/2020\/05\/logo_ieditorial.png","contentUrl":"https:\/\/ieditorial.net\/blog-elearning\/wp-content\/uploads\/2020\/05\/logo_ieditorial.png","width":133,"height":60,"caption":"iEditorial"},"image":{"@id":"https:\/\/ieditorial.net\/blog-elearning\/#\/schema\/logo\/image\/"}},{"@type":"WebSite","@id":"https:\/\/ieditorial.net\/blog-elearning\/#website","url":"https:\/\/ieditorial.net\/blog-elearning\/","name":"Blog Ieditorial","description":"Blog de iEditorial","publisher":{"@id":"https:\/\/ieditorial.net\/blog-elearning\/#organization"},"potentialAction":[{"@type":"SearchAction","target":{"@type":"EntryPoint","urlTemplate":"https:\/\/ieditorial.net\/blog-elearning\/?s={search_term_string}"},"query-input":"required name=search_term_string"}],"inLanguage":"es"},{"@type":"ImageObject","inLanguage":"es","@id":"https:\/\/ieditorial.net\/blog-elearning\/informacion-formacion-progamada\/#primaryimage","url":"https:\/\/ieditorial.net\/blog-elearning\/wp-content\/uploads\/2020\/05\/informacion-formacion-progamada.jpg","contentUrl":"https:\/\/ieditorial.net\/blog-elearning\/wp-content\/uploads\/2020\/05\/informacion-formacion-progamada.jpg","width":800,"height":450},{"@type":"WebPage","@id":"https:\/\/ieditorial.net\/blog-elearning\/informacion-formacion-progamada\/#webpage","url":"https:\/\/ieditorial.net\/blog-elearning\/informacion-formacion-progamada\/","name":"Informaci\u00f3n sobre la formaci\u00f3n programada 2019 | Blog iEditorial","isPartOf":{"@id":"https:\/\/ieditorial.net\/blog-elearning\/#website"},"primaryImageOfPage":{"@id":"https:\/\/ieditorial.net\/blog-elearning\/informacion-formacion-progamada\/#primaryimage"},"datePublished":"2018-12-21T17:49:19+00:00","dateModified":"2020-05-12T07:32:02+00:00","breadcrumb":{"@id":"https:\/\/ieditorial.net\/blog-elearning\/informacion-formacion-progamada\/#breadcrumb"},"inLanguage":"es","potentialAction":[{"@type":"ReadAction","target":["https:\/\/ieditorial.net\/blog-elearning\/informacion-formacion-progamada\/"]}]},{"@type":"BreadcrumbList","@id":"https:\/\/ieditorial.net\/blog-elearning\/informacion-formacion-progamada\/#breadcrumb","itemListElement":[{"@type":"ListItem","position":1,"name":"Blog","item":"https:\/\/ieditorial.net\/blog-elearning\/"},{"@type":"ListItem","position":2,"name":"Convocatorias","item":"https:\/\/ieditorial.net\/blog-elearning\/convocatorias\/"},{"@type":"ListItem","position":3,"name":"Informaci\u00f3n sobre la aplicaci\u00f3n de la formaci\u00f3n programada por las empresas 2019"}]},{"@type":"Article","@id":"https:\/\/ieditorial.net\/blog-elearning\/informacion-formacion-progamada\/#article","isPartOf":{"@id":"https:\/\/ieditorial.net\/blog-elearning\/informacion-formacion-progamada\/#webpage"},"author":{"@id":"https:\/\/ieditorial.net\/blog-elearning\/#\/schema\/person\/ac193056ff695f8e129f852a242c6854"},"headline":"Informaci\u00f3n sobre la aplicaci\u00f3n de la formaci\u00f3n programada por las empresas 2019","datePublished":"2018-12-21T17:49:19+00:00","dateModified":"2020-05-12T07:32:02+00:00","mainEntityOfPage":{"@id":"https:\/\/ieditorial.net\/blog-elearning\/informacion-formacion-progamada\/#webpage"},"wordCount":416,"commentCount":0,"publisher":{"@id":"https:\/\/ieditorial.net\/blog-elearning\/#organization"},"image":{"@id":"https:\/\/ieditorial.net\/blog-elearning\/informacion-formacion-progamada\/#primaryimage"},"thumbnailUrl":"https:\/\/ieditorial.net\/blog-elearning\/wp-content\/uploads\/2020\/05\/informacion-formacion-progamada.jpg","articleSection":["Convocatorias"],"inLanguage":"es","potentialAction":[{"@type":"CommentAction","name":"Comment","target":["https:\/\/ieditorial.net\/blog-elearning\/informacion-formacion-progamada\/#respond"]}]},{"@type":"Person","@id":"https:\/\/ieditorial.net\/blog-elearning\/#\/schema\/person\/ac193056ff695f8e129f852a242c6854","name":"Antonio Martinez","image":{"@type":"ImageObject","inLanguage":"es","@id":"https:\/\/ieditorial.net\/blog-elearning\/#\/schema\/person\/image\/","url":"https:\/\/secure.gravatar.com\/avatar\/9800b1eb335e4b595954568a0da463da?s=96&d=mm&r=g","contentUrl":"https:\/\/secure.gravatar.com\/avatar\/9800b1eb335e4b595954568a0da463da?s=96&d=mm&r=g","caption":"Antonio Martinez"},"url":"https:\/\/ieditorial.net\/blog-elearning\/author\/antoniom\/"}]}},"_links":{"self":[{"href":"https:\/\/ieditorial.net\/blog-elearning\/wp-json\/wp\/v2\/posts\/260"}],"collection":[{"href":"https:\/\/ieditorial.net\/blog-elearning\/wp-json\/wp\/v2\/posts"}],"about":[{"href":"https:\/\/ieditorial.net\/blog-elearning\/wp-json\/wp\/v2\/types\/post"}],"author":[{"embeddable":true,"href":"https:\/\/ieditorial.net\/blog-elearning\/wp-json\/wp\/v2\/users\/2"}],"replies":[{"embeddable":true,"href":"https:\/\/ieditorial.net\/blog-elearning\/wp-json\/wp\/v2\/comments?post=260"}],"version-history":[{"count":3,"href":"https:\/\/ieditorial.net\/blog-elearning\/wp-json\/wp\/v2\/posts\/260\/revisions"}],"predecessor-version":[{"id":273,"href":"https:\/\/ieditorial.net\/blog-elearning\/wp-json\/wp\/v2\/posts\/260\/revisions\/273"}],"wp:featuredmedia":[{"embeddable":true,"href":"https:\/\/ieditorial.net\/blog-elearning\/wp-json\/wp\/v2\/media\/261"}],"wp:attachment":[{"href":"https:\/\/ieditorial.net\/blog-elearning\/wp-json\/wp\/v2\/media?parent=260"}],"wp:term":[{"taxonomy":"category","embeddable":true,"href":"https:\/\/ieditorial.net\/blog-elearning\/wp-json\/wp\/v2\/categories?post=260"},{"taxonomy":"post_tag","embeddable":true,"href":"https:\/\/ieditorial.net\/blog-elearning\/wp-json\/wp\/v2\/tags?post=260"}],"curies":[{"name":"wp","href":"https:\/\/api.w.org\/{rel}","templated":true}]}}