{"id":326,"date":"2018-07-13T08:25:00","date_gmt":"2018-07-13T08:25:00","guid":{"rendered":"https:\/\/ieditorial.net\/blog-elearning\/?p=326"},"modified":"2020-05-12T08:29:41","modified_gmt":"2020-05-12T08:29:41","slug":"convocatoria-de-estudios-de-genero","status":"publish","type":"post","link":"https:\/\/ieditorial.net\/blog-elearning\/convocatoria-de-estudios-de-genero\/","title":{"rendered":"Convocatoria de Estudios de G\u00e9nero"},"content":{"rendered":"\n<p>Se convoca la concesi\u00f3n de las subvenciones p\u00fablicas destinadas a la realizaci\u00f3n de postgrados de estudios de g\u00e9nero y actividades del \u00e1mbito universitario relacionadas con la igualdad de oportunidades entre mujeres y hombres, para el a\u00f1o 2018.<\/p>\n\n\n\n<p>Beneficiarios:&nbsp;Podr\u00e1n ser solicitantes y perceptoras de las subvenciones todas las universidades p\u00fablicas y privadas, as\u00ed como los Organismos P\u00fablicos de Investigaci\u00f3n, regulados en la Ley 14\/2011 de 1 de junio, de la Ciencia, la Tecnolog\u00eda y la Innovaci\u00f3n.<\/p>\n\n\n\n<p>Bases Reguladoras:&nbsp;Orden de Bases TAS\/535\/2007, de 23 de febrero (BOE de 10 de marzo de 2007), modificada parcialmente por Orden TAS\/2505\/2007, de 7 de agosto (BOE 17-08-2007), por la que se establecieron las bases reguladoras para la concesi\u00f3n de subvenciones, ayudas y becas por el Instituto de la Mujer.<\/p>\n\n\n\n<p>Importe:&nbsp;La financiaci\u00f3n se har\u00e1 con cargo a la aplicaci\u00f3n 26.107.232B.481.03 del vigente presupuesto de gastos del Instituto de la Mujer y para la Igualdad de Oportunidades por una cuant\u00eda de 600.000 euros. Dicho importe se distribuir\u00e1 de la siguiente forma: el 50% del total, para la financiaci\u00f3n de los Estudios universitarios de postgrados y el 50% del total para Actividades del \u00e1mbito universitario, se podr\u00e1 traspasar la financiaci\u00f3n entre ambas partidas en el caso de que el importe de alguna de las partidas no se agotase. La cantidad m\u00e1xima que podr\u00e1 recibir un proyecto de postgrado ser\u00e1 de 10.000 \u20ac y en actividades la cantidad m\u00e1xima subvencionable ser\u00e1 de 7.000 \u20ac.<\/p>\n\n\n\n<p>Plazos:&nbsp;Quince d\u00edas h\u00e1biles, contados a partir del d\u00eda siguiente al de la publicaci\u00f3n del extracto de la Resoluci\u00f3n de convocatoria de las Subvenciones en el Bolet\u00edn Oficial del Estado.<\/p>\n\n\n\n<p>Para ver el texto completo de esta convocatoria y sus anexos, hacer clic en este\u00a0<a href=\"http:\/\/www.inmujer.gob.es\/servRecursos\/convocatorias.do\" target=\"_blank\" aria-label=\" (opens in a new tab)\" rel=\"noreferrer noopener nofollow\" class=\"rank-math-link\">enlace<\/a><\/p>\n","protected":false},"excerpt":{"rendered":"<p>Convocatoria de subvenciones para realizar Postgrados de estudios de g\u00e9nero y actividades relacionadas con la igualdad de oportunidades.<\/p>\n","protected":false},"author":4,"featured_media":327,"comment_status":"open","ping_status":"open","sticky":false,"template":"","format":"standard","meta":{"_editorskit_title_hidden":false,"_editorskit_reading_time":0,"_editorskit_typography_data":[],"_editorskit_blocks_typography":"","_editorskit_is_block_options_detached":false,"_editorskit_block_options_position":"{}"},"categories":[3],"tags":[],"acf":[],"yoast_head":"<!-- This site is optimized with the Yoast SEO plugin v19.0 - https:\/\/yoast.com\/wordpress\/plugins\/seo\/ -->\n<title>Convocatoria de Estudios de G\u00e9nero | Blog Ieditorial<\/title>\n<meta name=\"robots\" content=\"index, follow, max-snippet:-1, max-image-preview:large, max-video-preview:-1\" \/>\n<link rel=\"canonical\" href=\"https:\/\/ieditorial.net\/blog-elearning\/convocatoria-de-estudios-de-genero\/\" \/>\n<meta property=\"og:locale\" content=\"es_ES\" \/>\n<meta property=\"og:type\" content=\"article\" \/>\n<meta property=\"og:title\" content=\"Convocatoria de Estudios de G\u00e9nero | Blog Ieditorial\" \/>\n<meta property=\"og:description\" content=\"Convocatoria de subvenciones para realizar Postgrados de estudios de g\u00e9nero y actividades relacionadas con la igualdad de oportunidades.\" \/>\n<meta property=\"og:url\" content=\"https:\/\/ieditorial.net\/blog-elearning\/convocatoria-de-estudios-de-genero\/\" \/>\n<meta property=\"og:site_name\" content=\"Blog Ieditorial\" \/>\n<meta property=\"article:published_time\" content=\"2018-07-13T08:25:00+00:00\" \/>\n<meta property=\"article:modified_time\" content=\"2020-05-12T08:29:41+00:00\" \/>\n<meta property=\"og:image\" content=\"https:\/\/ieditorial.net\/blog-elearning\/wp-content\/uploads\/2020\/05\/convocatoria-de-estudios-de-genero.jpg\" \/>\n\t<meta property=\"og:image:width\" content=\"650\" \/>\n\t<meta property=\"og:image:height\" content=\"550\" \/>\n\t<meta property=\"og:image:type\" content=\"image\/jpeg\" \/>\n<meta name=\"twitter:card\" content=\"summary_large_image\" \/>\n<meta name=\"twitter:label1\" content=\"Written by\" \/>\n\t<meta name=\"twitter:data1\" content=\"Marina Blanco\" \/>\n\t<meta name=\"twitter:label2\" content=\"Est. reading time\" \/>\n\t<meta name=\"twitter:data2\" content=\"2 minutos\" \/>\n<script type=\"application\/ld+json\" class=\"yoast-schema-graph\">{\"@context\":\"https:\/\/schema.org\",\"@graph\":[{\"@type\":\"Organization\",\"@id\":\"https:\/\/ieditorial.net\/blog-elearning\/#organization\",\"name\":\"iEditorial\",\"url\":\"https:\/\/ieditorial.net\/blog-elearning\/\",\"sameAs\":[],\"logo\":{\"@type\":\"ImageObject\",\"inLanguage\":\"es\",\"@id\":\"https:\/\/ieditorial.net\/blog-elearning\/#\/schema\/logo\/image\/\",\"url\":\"https:\/\/ieditorial.net\/blog-elearning\/wp-content\/uploads\/2020\/05\/logo_ieditorial.png\",\"contentUrl\":\"https:\/\/ieditorial.net\/blog-elearning\/wp-content\/uploads\/2020\/05\/logo_ieditorial.png\",\"width\":133,\"height\":60,\"caption\":\"iEditorial\"},\"image\":{\"@id\":\"https:\/\/ieditorial.net\/blog-elearning\/#\/schema\/logo\/image\/\"}},{\"@type\":\"WebSite\",\"@id\":\"https:\/\/ieditorial.net\/blog-elearning\/#website\",\"url\":\"https:\/\/ieditorial.net\/blog-elearning\/\",\"name\":\"Blog Ieditorial\",\"description\":\"Blog de iEditorial\",\"publisher\":{\"@id\":\"https:\/\/ieditorial.net\/blog-elearning\/#organization\"},\"potentialAction\":[{\"@type\":\"SearchAction\",\"target\":{\"@type\":\"EntryPoint\",\"urlTemplate\":\"https:\/\/ieditorial.net\/blog-elearning\/?s={search_term_string}\"},\"query-input\":\"required name=search_term_string\"}],\"inLanguage\":\"es\"},{\"@type\":\"ImageObject\",\"inLanguage\":\"es\",\"@id\":\"https:\/\/ieditorial.net\/blog-elearning\/convocatoria-de-estudios-de-genero\/#primaryimage\",\"url\":\"https:\/\/ieditorial.net\/blog-elearning\/wp-content\/uploads\/2020\/05\/convocatoria-de-estudios-de-genero.jpg\",\"contentUrl\":\"https:\/\/ieditorial.net\/blog-elearning\/wp-content\/uploads\/2020\/05\/convocatoria-de-estudios-de-genero.jpg\",\"width\":650,\"height\":550},{\"@type\":\"WebPage\",\"@id\":\"https:\/\/ieditorial.net\/blog-elearning\/convocatoria-de-estudios-de-genero\/#webpage\",\"url\":\"https:\/\/ieditorial.net\/blog-elearning\/convocatoria-de-estudios-de-genero\/\",\"name\":\"Convocatoria de Estudios de G\u00e9nero | Blog Ieditorial\",\"isPartOf\":{\"@id\":\"https:\/\/ieditorial.net\/blog-elearning\/#website\"},\"primaryImageOfPage\":{\"@id\":\"https:\/\/ieditorial.net\/blog-elearning\/convocatoria-de-estudios-de-genero\/#primaryimage\"},\"datePublished\":\"2018-07-13T08:25:00+00:00\",\"dateModified\":\"2020-05-12T08:29:41+00:00\",\"breadcrumb\":{\"@id\":\"https:\/\/ieditorial.net\/blog-elearning\/convocatoria-de-estudios-de-genero\/#breadcrumb\"},\"inLanguage\":\"es\",\"potentialAction\":[{\"@type\":\"ReadAction\",\"target\":[\"https:\/\/ieditorial.net\/blog-elearning\/convocatoria-de-estudios-de-genero\/\"]}]},{\"@type\":\"BreadcrumbList\",\"@id\":\"https:\/\/ieditorial.net\/blog-elearning\/convocatoria-de-estudios-de-genero\/#breadcrumb\",\"itemListElement\":[{\"@type\":\"ListItem\",\"position\":1,\"name\":\"Blog\",\"item\":\"https:\/\/ieditorial.net\/blog-elearning\/\"},{\"@type\":\"ListItem\",\"position\":2,\"name\":\"Convocatorias\",\"item\":\"https:\/\/ieditorial.net\/blog-elearning\/convocatorias\/\"},{\"@type\":\"ListItem\",\"position\":3,\"name\":\"Convocatoria de Estudios de G\u00e9nero\"}]},{\"@type\":\"Article\",\"@id\":\"https:\/\/ieditorial.net\/blog-elearning\/convocatoria-de-estudios-de-genero\/#article\",\"isPartOf\":{\"@id\":\"https:\/\/ieditorial.net\/blog-elearning\/convocatoria-de-estudios-de-genero\/#webpage\"},\"author\":{\"@id\":\"https:\/\/ieditorial.net\/blog-elearning\/#\/schema\/person\/8c8f7131a782f78235d77dbf3d4d1c55\"},\"headline\":\"Convocatoria de Estudios de G\u00e9nero\",\"datePublished\":\"2018-07-13T08:25:00+00:00\",\"dateModified\":\"2020-05-12T08:29:41+00:00\",\"mainEntityOfPage\":{\"@id\":\"https:\/\/ieditorial.net\/blog-elearning\/convocatoria-de-estudios-de-genero\/#webpage\"},\"wordCount\":306,\"commentCount\":0,\"publisher\":{\"@id\":\"https:\/\/ieditorial.net\/blog-elearning\/#organization\"},\"image\":{\"@id\":\"https:\/\/ieditorial.net\/blog-elearning\/convocatoria-de-estudios-de-genero\/#primaryimage\"},\"thumbnailUrl\":\"https:\/\/ieditorial.net\/blog-elearning\/wp-content\/uploads\/2020\/05\/convocatoria-de-estudios-de-genero.jpg\",\"articleSection\":[\"Convocatorias\"],\"inLanguage\":\"es\",\"potentialAction\":[{\"@type\":\"CommentAction\",\"name\":\"Comment\",\"target\":[\"https:\/\/ieditorial.net\/blog-elearning\/convocatoria-de-estudios-de-genero\/#respond\"]}]},{\"@type\":\"Person\",\"@id\":\"https:\/\/ieditorial.net\/blog-elearning\/#\/schema\/person\/8c8f7131a782f78235d77dbf3d4d1c55\",\"name\":\"Marina Blanco\",\"image\":{\"@type\":\"ImageObject\",\"inLanguage\":\"es\",\"@id\":\"https:\/\/ieditorial.net\/blog-elearning\/#\/schema\/person\/image\/\",\"url\":\"https:\/\/secure.gravatar.com\/avatar\/53b5383bff6327e058be641bca60fc2a?s=96&d=mm&r=g\",\"contentUrl\":\"https:\/\/secure.gravatar.com\/avatar\/53b5383bff6327e058be641bca60fc2a?s=96&d=mm&r=g\",\"caption\":\"Marina Blanco\"},\"url\":\"https:\/\/ieditorial.net\/blog-elearning\/author\/marinab\/\"}]}<\/script>\n<!-- \/ Yoast SEO plugin. -->","yoast_head_json":{"title":"Convocatoria de Estudios de G\u00e9nero | Blog Ieditorial","robots":{"index":"index","follow":"follow","max-snippet":"max-snippet:-1","max-image-preview":"max-image-preview:large","max-video-preview":"max-video-preview:-1"},"canonical":"https:\/\/ieditorial.net\/blog-elearning\/convocatoria-de-estudios-de-genero\/","og_locale":"es_ES","og_type":"article","og_title":"Convocatoria de Estudios de G\u00e9nero | Blog Ieditorial","og_description":"Convocatoria de subvenciones para realizar Postgrados de estudios de g\u00e9nero y actividades relacionadas con la igualdad de oportunidades.","og_url":"https:\/\/ieditorial.net\/blog-elearning\/convocatoria-de-estudios-de-genero\/","og_site_name":"Blog Ieditorial","article_published_time":"2018-07-13T08:25:00+00:00","article_modified_time":"2020-05-12T08:29:41+00:00","og_image":[{"width":650,"height":550,"url":"https:\/\/ieditorial.net\/blog-elearning\/wp-content\/uploads\/2020\/05\/convocatoria-de-estudios-de-genero.jpg","type":"image\/jpeg"}],"twitter_card":"summary_large_image","twitter_misc":{"Written by":"Marina Blanco","Est. reading time":"2 minutos"},"schema":{"@context":"https:\/\/schema.org","@graph":[{"@type":"Organization","@id":"https:\/\/ieditorial.net\/blog-elearning\/#organization","name":"iEditorial","url":"https:\/\/ieditorial.net\/blog-elearning\/","sameAs":[],"logo":{"@type":"ImageObject","inLanguage":"es","@id":"https:\/\/ieditorial.net\/blog-elearning\/#\/schema\/logo\/image\/","url":"https:\/\/ieditorial.net\/blog-elearning\/wp-content\/uploads\/2020\/05\/logo_ieditorial.png","contentUrl":"https:\/\/ieditorial.net\/blog-elearning\/wp-content\/uploads\/2020\/05\/logo_ieditorial.png","width":133,"height":60,"caption":"iEditorial"},"image":{"@id":"https:\/\/ieditorial.net\/blog-elearning\/#\/schema\/logo\/image\/"}},{"@type":"WebSite","@id":"https:\/\/ieditorial.net\/blog-elearning\/#website","url":"https:\/\/ieditorial.net\/blog-elearning\/","name":"Blog Ieditorial","description":"Blog de iEditorial","publisher":{"@id":"https:\/\/ieditorial.net\/blog-elearning\/#organization"},"potentialAction":[{"@type":"SearchAction","target":{"@type":"EntryPoint","urlTemplate":"https:\/\/ieditorial.net\/blog-elearning\/?s={search_term_string}"},"query-input":"required name=search_term_string"}],"inLanguage":"es"},{"@type":"ImageObject","inLanguage":"es","@id":"https:\/\/ieditorial.net\/blog-elearning\/convocatoria-de-estudios-de-genero\/#primaryimage","url":"https:\/\/ieditorial.net\/blog-elearning\/wp-content\/uploads\/2020\/05\/convocatoria-de-estudios-de-genero.jpg","contentUrl":"https:\/\/ieditorial.net\/blog-elearning\/wp-content\/uploads\/2020\/05\/convocatoria-de-estudios-de-genero.jpg","width":650,"height":550},{"@type":"WebPage","@id":"https:\/\/ieditorial.net\/blog-elearning\/convocatoria-de-estudios-de-genero\/#webpage","url":"https:\/\/ieditorial.net\/blog-elearning\/convocatoria-de-estudios-de-genero\/","name":"Convocatoria de Estudios de G\u00e9nero | Blog Ieditorial","isPartOf":{"@id":"https:\/\/ieditorial.net\/blog-elearning\/#website"},"primaryImageOfPage":{"@id":"https:\/\/ieditorial.net\/blog-elearning\/convocatoria-de-estudios-de-genero\/#primaryimage"},"datePublished":"2018-07-13T08:25:00+00:00","dateModified":"2020-05-12T08:29:41+00:00","breadcrumb":{"@id":"https:\/\/ieditorial.net\/blog-elearning\/convocatoria-de-estudios-de-genero\/#breadcrumb"},"inLanguage":"es","potentialAction":[{"@type":"ReadAction","target":["https:\/\/ieditorial.net\/blog-elearning\/convocatoria-de-estudios-de-genero\/"]}]},{"@type":"BreadcrumbList","@id":"https:\/\/ieditorial.net\/blog-elearning\/convocatoria-de-estudios-de-genero\/#breadcrumb","itemListElement":[{"@type":"ListItem","position":1,"name":"Blog","item":"https:\/\/ieditorial.net\/blog-elearning\/"},{"@type":"ListItem","position":2,"name":"Convocatorias","item":"https:\/\/ieditorial.net\/blog-elearning\/convocatorias\/"},{"@type":"ListItem","position":3,"name":"Convocatoria de Estudios de G\u00e9nero"}]},{"@type":"Article","@id":"https:\/\/ieditorial.net\/blog-elearning\/convocatoria-de-estudios-de-genero\/#article","isPartOf":{"@id":"https:\/\/ieditorial.net\/blog-elearning\/convocatoria-de-estudios-de-genero\/#webpage"},"author":{"@id":"https:\/\/ieditorial.net\/blog-elearning\/#\/schema\/person\/8c8f7131a782f78235d77dbf3d4d1c55"},"headline":"Convocatoria de Estudios de G\u00e9nero","datePublished":"2018-07-13T08:25:00+00:00","dateModified":"2020-05-12T08:29:41+00:00","mainEntityOfPage":{"@id":"https:\/\/ieditorial.net\/blog-elearning\/convocatoria-de-estudios-de-genero\/#webpage"},"wordCount":306,"commentCount":0,"publisher":{"@id":"https:\/\/ieditorial.net\/blog-elearning\/#organization"},"image":{"@id":"https:\/\/ieditorial.net\/blog-elearning\/convocatoria-de-estudios-de-genero\/#primaryimage"},"thumbnailUrl":"https:\/\/ieditorial.net\/blog-elearning\/wp-content\/uploads\/2020\/05\/convocatoria-de-estudios-de-genero.jpg","articleSection":["Convocatorias"],"inLanguage":"es","potentialAction":[{"@type":"CommentAction","name":"Comment","target":["https:\/\/ieditorial.net\/blog-elearning\/convocatoria-de-estudios-de-genero\/#respond"]}]},{"@type":"Person","@id":"https:\/\/ieditorial.net\/blog-elearning\/#\/schema\/person\/8c8f7131a782f78235d77dbf3d4d1c55","name":"Marina Blanco","image":{"@type":"ImageObject","inLanguage":"es","@id":"https:\/\/ieditorial.net\/blog-elearning\/#\/schema\/person\/image\/","url":"https:\/\/secure.gravatar.com\/avatar\/53b5383bff6327e058be641bca60fc2a?s=96&d=mm&r=g","contentUrl":"https:\/\/secure.gravatar.com\/avatar\/53b5383bff6327e058be641bca60fc2a?s=96&d=mm&r=g","caption":"Marina Blanco"},"url":"https:\/\/ieditorial.net\/blog-elearning\/author\/marinab\/"}]}},"_links":{"self":[{"href":"https:\/\/ieditorial.net\/blog-elearning\/wp-json\/wp\/v2\/posts\/326"}],"collection":[{"href":"https:\/\/ieditorial.net\/blog-elearning\/wp-json\/wp\/v2\/posts"}],"about":[{"href":"https:\/\/ieditorial.net\/blog-elearning\/wp-json\/wp\/v2\/types\/post"}],"author":[{"embeddable":true,"href":"https:\/\/ieditorial.net\/blog-elearning\/wp-json\/wp\/v2\/users\/4"}],"replies":[{"embeddable":true,"href":"https:\/\/ieditorial.net\/blog-elearning\/wp-json\/wp\/v2\/comments?post=326"}],"version-history":[{"count":1,"href":"https:\/\/ieditorial.net\/blog-elearning\/wp-json\/wp\/v2\/posts\/326\/revisions"}],"predecessor-version":[{"id":328,"href":"https:\/\/ieditorial.net\/blog-elearning\/wp-json\/wp\/v2\/posts\/326\/revisions\/328"}],"wp:featuredmedia":[{"embeddable":true,"href":"https:\/\/ieditorial.net\/blog-elearning\/wp-json\/wp\/v2\/media\/327"}],"wp:attachment":[{"href":"https:\/\/ieditorial.net\/blog-elearning\/wp-json\/wp\/v2\/media?parent=326"}],"wp:term":[{"taxonomy":"category","embeddable":true,"href":"https:\/\/ieditorial.net\/blog-elearning\/wp-json\/wp\/v2\/categories?post=326"},{"taxonomy":"post_tag","embeddable":true,"href":"https:\/\/ieditorial.net\/blog-elearning\/wp-json\/wp\/v2\/tags?post=326"}],"curies":[{"name":"wp","href":"https:\/\/api.w.org\/{rel}","templated":true}]}}